{"id":875,"date":"2024-08-16T13:26:39","date_gmt":"2024-08-16T13:26:39","guid":{"rendered":"https:\/\/www.cmedtornquist.com.ar\/sitio\/?p=875"},"modified":"2024-08-16T13:26:40","modified_gmt":"2024-08-16T13:26:40","slug":"curso-de-salud-publica-teoria-y-metodo","status":"publish","type":"post","link":"https:\/\/www.cmedtornquist.com.ar\/sitio\/?p=875","title":{"rendered":"Curso de Salud P\u00fablica &#8211; Teor\u00eda y m\u00e9todo"},"content":{"rendered":"\n<p>Inicia 2 de septiembre<\/p>\n\n\n\n<p>OBJETIVOS:<\/p>\n\n\n\n<p>Ofrecer herramientas conceptuales y metodol\u00f3gicas para:\u00a0<\/p>\n\n\n\n<ul>\n<li>Conocer las bases te\u00f3ricas y conceptuales que sustentan la Salud P\u00fablica como campo del saber, e identificar las diferentes corrientes que existen en la actualidad.<\/li>\n\n\n\n<li>Identificar y articular la pr\u00e1ctica profesional cotidiana con el desempe\u00f1o del sistema de salud en su conjunto.<\/li>\n\n\n\n<li>Entender como la epidemiologia permite conocer las necesidades de salud de la poblaci\u00f3n, a trav\u00e9s de la producci\u00f3n de datos e informaci\u00f3n \u00fatil tanto para la pr\u00e1ctica profesional como para la toma de decisiones de las autoridades sanitarias.<\/li>\n\n\n\n<li>Conocer como las ciencias sociales contribuyen a entender las cuestiones de salud desde una perspectiva poblacional, atendiendo a sus determinantes, pol\u00edticos, sociales, culturales, econ\u00f3micos y ambientales.<\/li>\n<\/ul>\n\n\n\n<p>DESTINATARIOS:<\/p>\n\n\n\n<p>Dirigentes profesionales en actividad gremial, secretarios de salud municipales y funcionarios de los ministerios de salud, y en general m\u00e9dicos, odont\u00f3logos, bioqu\u00edmicos, psic\u00f3logos, profesionales de ciencias sociales, abogados, que est\u00e1n interesados en la tem\u00e1tica de salud colectiva e institucional.\u00a0<\/p>\n\n\n\n<h2 class=\"wp-block-heading\"><\/h2>\n\n\n\n<p>M\u00e1s informaci\u00f3n: <a href=\"https:\/\/www.fundacionfemeba.org.ar\/blog\/curso-4\/post\/curso-de-salud-publica-teoria-y-metodo-44663?fbclid=IwZXh0bgNhZW0CMTAAAR10pB5-xz75suLHZDOq4iRHDPQbezOOtPdrp5eAEW8JJfgMQYOtWphVU-Q_aem_gnSfzYBaZfY0iZkbeiTdyw\" target=\"_blank\" rel=\"noreferrer noopener\">https:\/\/www.fundacionfemeba.org.ar\/&#8230;\/curso-de-salud&#8230;<\/a><\/p>\n","protected":false},"excerpt":{"rendered":"<p>Inicia 2 de septiembre OBJETIVOS: Ofrecer herramientas conceptuales y metodol\u00f3gicas para:\u00a0 DESTINATARIOS: Dirigentes profesionales en actividad gremial, secretarios de salud[&#8230;]<\/p>\n","protected":false},"author":5,"featured_media":876,"comment_status":"open","ping_status":"open","sticky":false,"template":"","format":"standard","meta":{"_mi_skip_tracking":false,"_exactmetrics_sitenote_active":false,"_exactmetrics_sitenote_note":"","_exactmetrics_sitenote_category":0,"footnotes":""},"categories":[3],"tags":[],"_links":{"self":[{"href":"https:\/\/www.cmedtornquist.com.ar\/sitio\/index.php?rest_route=\/wp\/v2\/posts\/875"}],"collection":[{"href":"https:\/\/www.cmedtornquist.com.ar\/sitio\/index.php?rest_route=\/wp\/v2\/posts"}],"about":[{"href":"https:\/\/www.cmedtornquist.com.ar\/sitio\/index.php?rest_route=\/wp\/v2\/types\/post"}],"author":[{"embeddable":true,"href":"https:\/\/www.cmedtornquist.com.ar\/sitio\/index.php?rest_route=\/wp\/v2\/users\/5"}],"replies":[{"embeddable":true,"href":"https:\/\/www.cmedtornquist.com.ar\/sitio\/index.php?rest_route=%2Fwp%2Fv2%2Fcomments&post=875"}],"version-history":[{"count":1,"href":"https:\/\/www.cmedtornquist.com.ar\/sitio\/index.php?rest_route=\/wp\/v2\/posts\/875\/revisions"}],"predecessor-version":[{"id":877,"href":"https:\/\/www.cmedtornquist.com.ar\/sitio\/index.php?rest_route=\/wp\/v2\/posts\/875\/revisions\/877"}],"wp:featuredmedia":[{"embeddable":true,"href":"https:\/\/www.cmedtornquist.com.ar\/sitio\/index.php?rest_route=\/wp\/v2\/media\/876"}],"wp:attachment":[{"href":"https:\/\/www.cmedtornquist.com.ar\/sitio\/index.php?rest_route=%2Fwp%2Fv2%2Fmedia&parent=875"}],"wp:term":[{"taxonomy":"category","embeddable":true,"href":"https:\/\/www.cmedtornquist.com.ar\/sitio\/index.php?rest_route=%2Fwp%2Fv2%2Fcategories&post=875"},{"taxonomy":"post_tag","embeddable":true,"href":"https:\/\/www.cmedtornquist.com.ar\/sitio\/index.php?rest_route=%2Fwp%2Fv2%2Ftags&post=875"}],"curies":[{"name":"wp","href":"https:\/\/api.w.org\/{rel}","templated":true}]}}