{"id":909,"date":"2024-09-27T12:54:39","date_gmt":"2024-09-27T12:54:39","guid":{"rendered":"https:\/\/www.cmedtornquist.com.ar\/sitio\/?p=909"},"modified":"2024-09-27T12:54:40","modified_gmt":"2024-09-27T12:54:40","slug":"foro-de-la-salud-dr-aldo-neri-bienestar-laboral-de-los-profesionales-de-la-salud","status":"publish","type":"post","link":"https:\/\/www.cmedtornquist.com.ar\/sitio\/?p=909","title":{"rendered":"FORO DE LA SALUD DR. ALDO NERI: Bienestar Laboral de los Profesionales de la Salud"},"content":{"rendered":"\n<p>Se realizar\u00e1 el martes 15 de octubre a las 16 hs en vivo v\u00eda YouTube.<\/p>\n\n\n\n<p>La participaci\u00f3n es libre y gratuita, pero es importante que los interesados se inscriban en el formulario en este link: <a href=\"https:\/\/forms.gle\/SrsXPYrG4vDZna8z5?fbclid=IwZXh0bgNhZW0CMTAAAR2Z64oeo8hSU1-ulo41Qj2ILdBr5Xi7fq-YhDIxoHZ3_JOlFVVxbNF13Rs_aem_higs0PlkIcDg450D9p7Pnw\" rel=\"noreferrer noopener\" target=\"_blank\">https:\/\/forms.gle\/SrsXPYrG4vDZna8z5<\/a><\/p>\n\n\n\n<p>M\u00e1s informaci\u00f3n<a href=\"https:\/\/www.fundacionfemeba.org.ar\/foro_bienestar_laboral?fbclid=IwZXh0bgNhZW0CMTAAAR0WFTT3OWmQIuY1YVxkDmw8ONWXBoGYhVQQLztyGp1noDPPL1MnTQAME5M_aem_DoHBwjnIfpQIQ8FMOvEiNw\" target=\"_blank\" rel=\"noreferrer noopener\">: https:\/\/www.fundacionfemeba.org.ar\/foro_bienestar_labor<\/a>al<\/p>\n","protected":false},"excerpt":{"rendered":"<p>Se realizar\u00e1 el martes 15 de octubre a las 16 hs en vivo v\u00eda YouTube. La participaci\u00f3n es libre y[&#8230;]<\/p>\n","protected":false},"author":5,"featured_media":910,"comment_status":"open","ping_status":"open","sticky":false,"template":"","format":"standard","meta":{"_mi_skip_tracking":false,"_exactmetrics_sitenote_active":false,"_exactmetrics_sitenote_note":"","_exactmetrics_sitenote_category":0,"footnotes":""},"categories":[3],"tags":[],"_links":{"self":[{"href":"https:\/\/www.cmedtornquist.com.ar\/sitio\/index.php?rest_route=\/wp\/v2\/posts\/909"}],"collection":[{"href":"https:\/\/www.cmedtornquist.com.ar\/sitio\/index.php?rest_route=\/wp\/v2\/posts"}],"about":[{"href":"https:\/\/www.cmedtornquist.com.ar\/sitio\/index.php?rest_route=\/wp\/v2\/types\/post"}],"author":[{"embeddable":true,"href":"https:\/\/www.cmedtornquist.com.ar\/sitio\/index.php?rest_route=\/wp\/v2\/users\/5"}],"replies":[{"embeddable":true,"href":"https:\/\/www.cmedtornquist.com.ar\/sitio\/index.php?rest_route=%2Fwp%2Fv2%2Fcomments&post=909"}],"version-history":[{"count":1,"href":"https:\/\/www.cmedtornquist.com.ar\/sitio\/index.php?rest_route=\/wp\/v2\/posts\/909\/revisions"}],"predecessor-version":[{"id":911,"href":"https:\/\/www.cmedtornquist.com.ar\/sitio\/index.php?rest_route=\/wp\/v2\/posts\/909\/revisions\/911"}],"wp:featuredmedia":[{"embeddable":true,"href":"https:\/\/www.cmedtornquist.com.ar\/sitio\/index.php?rest_route=\/wp\/v2\/media\/910"}],"wp:attachment":[{"href":"https:\/\/www.cmedtornquist.com.ar\/sitio\/index.php?rest_route=%2Fwp%2Fv2%2Fmedia&parent=909"}],"wp:term":[{"taxonomy":"category","embeddable":true,"href":"https:\/\/www.cmedtornquist.com.ar\/sitio\/index.php?rest_route=%2Fwp%2Fv2%2Fcategories&post=909"},{"taxonomy":"post_tag","embeddable":true,"href":"https:\/\/www.cmedtornquist.com.ar\/sitio\/index.php?rest_route=%2Fwp%2Fv2%2Ftags&post=909"}],"curies":[{"name":"wp","href":"https:\/\/api.w.org\/{rel}","templated":true}]}}